{"id":4258,"date":"2025-02-03T10:30:50","date_gmt":"2025-02-03T09:30:50","guid":{"rendered":"https:\/\/lifehaya.pefc.es\/life-haya-project-holds-its-5th-expert-committee-with-more-than-60-participants\/"},"modified":"2025-12-16T20:48:52","modified_gmt":"2025-12-16T19:48:52","slug":"life-haya-project-holds-its-5th-expert-committee-with-more-than-60-participants","status":"publish","type":"post","link":"https:\/\/lifehaya.pefc.es\/en\/life-haya-project-holds-its-5th-expert-committee-with-more-than-60-participants\/","title":{"rendered":"LIFE HAYA PROJECT HOLDS ITS 5TH EXPERT COMMITTEE WITH MORE THAN 60 PARTICIPANTS"},"content":{"rendered":"\n<p>The LIFE HAYA project has successfully held its <strong>5th Expert Committee<\/strong>, bringing together more than 60 representatives of administrations, companies and project partners. This meeting has served as a key forum to analyse the situation of beech in Navarra, a region that concentrates the largest volume of felling and has a long tradition and a consolidated industrial fabric around this forest species. <\/p>\n\n<p>The committee was attended by technicians from the Government of Navarre, provincial councils of the Basque Country and La Rioja, as well as members of BASKEGUR, the Basque Timber Association. During the day, the attendees visited the Barbiur sawmill, a company with more than three generations of experience in the sector, certified in the PEFC chain of custody for its production. <\/p>\n\n<figure class=\"wp-block-image aligncenter size-large\"><a href=\"https:\/\/lifehaya.pefc.es\/wp-content\/uploads\/2025\/10\/Barbiur-aserradero-de-tercera-generacion-certificado-cdc-PEFC-1024x768.jpeg\"><img fetchpriority=\"high\" decoding=\"async\" width=\"1024\" height=\"768\" src=\"https:\/\/lifehaya.pefc.es\/wp-content\/uploads\/2025\/10\/Barbiur-aserradero-de-tercera-generacion-certificado-cdc-PEFC-1024x768.jpeg\" alt=\"\" class=\"wp-image-3677\" srcset=\"https:\/\/lifehaya.pefc.es\/wp-content\/uploads\/2025\/10\/Barbiur-aserradero-de-tercera-generacion-certificado-cdc-PEFC-1024x768.jpeg 1024w, https:\/\/lifehaya.pefc.es\/wp-content\/uploads\/2025\/10\/Barbiur-aserradero-de-tercera-generacion-certificado-cdc-PEFC-300x225.jpeg 300w, https:\/\/lifehaya.pefc.es\/wp-content\/uploads\/2025\/10\/Barbiur-aserradero-de-tercera-generacion-certificado-cdc-PEFC-768x576.jpeg 768w, https:\/\/lifehaya.pefc.es\/wp-content\/uploads\/2025\/10\/Barbiur-aserradero-de-tercera-generacion-certificado-cdc-PEFC-1536x1152.jpeg 1536w, https:\/\/lifehaya.pefc.es\/wp-content\/uploads\/2025\/10\/Barbiur-aserradero-de-tercera-generacion-certificado-cdc-PEFC.jpeg 1600w\" sizes=\"(max-width: 1024px) 100vw, 1024px\" \/><\/a><figcaption class=\"wp-element-caption\"><em><sub>Visit to the sawmill in Barbiur<\/sub><\/em><\/figcaption><\/figure>\n\n<p>Subsequently, the Technical Conference \u2018.<em>New horizons for beech wood in construction. Opportunities for the Navarrese industry <\/em>\u2018The event was opened by Ferm\u00edn Olabe, director of the Forestry and Hunting Management Service of the Government of Navarre. In his speech, Olabe reaffirmed the government&#8217;s commitment to the beech sector and the forestry industry, highlighting the aid earmarked for forestry machinery and the promotion of first-processing companies to develop products with greater added value in second-processing. <\/p>\n\n<figure class=\"wp-block-image aligncenter size-large\"><a href=\"https:\/\/lifehaya.pefc.es\/wp-content\/uploads\/2025\/10\/Fermin-Olabe-inaugurando-la-jornada-1024x641.jpeg\"><img decoding=\"async\" width=\"1024\" height=\"641\" src=\"https:\/\/lifehaya.pefc.es\/wp-content\/uploads\/2025\/10\/Fermin-Olabe-inaugurando-la-jornada-1024x641.jpeg\" alt=\"\" class=\"wp-image-3681\" srcset=\"https:\/\/lifehaya.pefc.es\/wp-content\/uploads\/2025\/10\/Fermin-Olabe-inaugurando-la-jornada-1024x641.jpeg 1024w, https:\/\/lifehaya.pefc.es\/wp-content\/uploads\/2025\/10\/Fermin-Olabe-inaugurando-la-jornada-300x188.jpeg 300w, https:\/\/lifehaya.pefc.es\/wp-content\/uploads\/2025\/10\/Fermin-Olabe-inaugurando-la-jornada-768x480.jpeg 768w, https:\/\/lifehaya.pefc.es\/wp-content\/uploads\/2025\/10\/Fermin-Olabe-inaugurando-la-jornada-1536x961.jpeg 1536w, https:\/\/lifehaya.pefc.es\/wp-content\/uploads\/2025\/10\/Fermin-Olabe-inaugurando-la-jornada.jpeg 1600w\" sizes=\"(max-width: 1024px) 100vw, 1024px\" \/><\/a><figcaption class=\"wp-element-caption\"><sub><em>Ferm\u00edn Olabe, Director of the Forestry and Hunting Management Service of the Government of Navarre.<\/em><\/sub><\/figcaption><\/figure>\n\n<p>During the conference, Silvia G\u00f3mez Fern\u00e1ndez and Mario Aza\u00f1a Gal\u00e1n, from Cesefor, presented recent advances in the use of beech wood in industry and construction. Javier Calvo-Sim\u00f3n, also from Cesefor, discussed the opportunities for the wood processing industry in Navarre. Finally, F\u00e9lix Fl\u00fclsh\u00f6h, from the G\u00e1miz Group, presented innovations in beech and oak wood products for construction.  <\/p>\n\n<figure class=\"wp-block-gallery has-nested-images columns-default is-cropped wp-block-gallery-1 is-layout-flex wp-block-gallery-is-layout-flex\">\n<figure class=\"wp-block-image size-large\"><a href=\"https:\/\/lifehaya.pefc.es\/wp-content\/uploads\/2025\/10\/Javier-Calvo-de-Cesefor-1024x768.jpeg\"><img decoding=\"async\" width=\"1024\" height=\"768\" data-id=\"3679\" src=\"https:\/\/lifehaya.pefc.es\/wp-content\/uploads\/2025\/10\/Javier-Calvo-de-Cesefor-1024x768.jpeg\" alt=\"\" class=\"wp-image-3679\" srcset=\"https:\/\/lifehaya.pefc.es\/wp-content\/uploads\/2025\/10\/Javier-Calvo-de-Cesefor-1024x768.jpeg 1024w, https:\/\/lifehaya.pefc.es\/wp-content\/uploads\/2025\/10\/Javier-Calvo-de-Cesefor-300x225.jpeg 300w, https:\/\/lifehaya.pefc.es\/wp-content\/uploads\/2025\/10\/Javier-Calvo-de-Cesefor-768x576.jpeg 768w, https:\/\/lifehaya.pefc.es\/wp-content\/uploads\/2025\/10\/Javier-Calvo-de-Cesefor-1536x1152.jpeg 1536w, https:\/\/lifehaya.pefc.es\/wp-content\/uploads\/2025\/10\/Javier-Calvo-de-Cesefor.jpeg 1600w\" sizes=\"(max-width: 1024px) 100vw, 1024px\" \/><\/a><figcaption class=\"wp-element-caption\">Javier Calvo, from Cesefor<\/figcaption><\/figure>\n\n\n\n<figure class=\"wp-block-image size-large\"><a href=\"https:\/\/lifehaya.pefc.es\/wp-content\/uploads\/2025\/10\/Silvia-Gomez-y-Mario-Azana-de-Cesefor-1024x768.jpeg\"><img loading=\"lazy\" decoding=\"async\" width=\"1024\" height=\"768\" data-id=\"3682\" src=\"https:\/\/lifehaya.pefc.es\/wp-content\/uploads\/2025\/10\/Silvia-Gomez-y-Mario-Azana-de-Cesefor-1024x768.jpeg\" alt=\"\" class=\"wp-image-3682\" srcset=\"https:\/\/lifehaya.pefc.es\/wp-content\/uploads\/2025\/10\/Silvia-Gomez-y-Mario-Azana-de-Cesefor-1024x768.jpeg 1024w, https:\/\/lifehaya.pefc.es\/wp-content\/uploads\/2025\/10\/Silvia-Gomez-y-Mario-Azana-de-Cesefor-300x225.jpeg 300w, https:\/\/lifehaya.pefc.es\/wp-content\/uploads\/2025\/10\/Silvia-Gomez-y-Mario-Azana-de-Cesefor-768x576.jpeg 768w, https:\/\/lifehaya.pefc.es\/wp-content\/uploads\/2025\/10\/Silvia-Gomez-y-Mario-Azana-de-Cesefor-1536x1152.jpeg 1536w, https:\/\/lifehaya.pefc.es\/wp-content\/uploads\/2025\/10\/Silvia-Gomez-y-Mario-Azana-de-Cesefor.jpeg 1600w\" sizes=\"(max-width: 1024px) 100vw, 1024px\" \/><\/a><figcaption class=\"wp-element-caption\">Silvia G\u00f3mez Fern\u00e1ndez and Mario Aza\u00f1a Gal\u00e1n, from Cesefor<\/figcaption><\/figure>\n\n\n\n<figure class=\"wp-block-image size-large\"><a href=\"https:\/\/lifehaya.pefc.es\/wp-content\/uploads\/2025\/10\/Felix-Flushoh-de-Grupo-Gamiz--1024x768.jpeg\"><img loading=\"lazy\" decoding=\"async\" width=\"1024\" height=\"768\" data-id=\"3680\" src=\"https:\/\/lifehaya.pefc.es\/wp-content\/uploads\/2025\/10\/Felix-Flushoh-de-Grupo-Gamiz--1024x768.jpeg\" alt=\"\" class=\"wp-image-3680\" srcset=\"https:\/\/lifehaya.pefc.es\/wp-content\/uploads\/2025\/10\/Felix-Flushoh-de-Grupo-Gamiz--1024x768.jpeg 1024w, https:\/\/lifehaya.pefc.es\/wp-content\/uploads\/2025\/10\/Felix-Flushoh-de-Grupo-Gamiz--300x225.jpeg 300w, https:\/\/lifehaya.pefc.es\/wp-content\/uploads\/2025\/10\/Felix-Flushoh-de-Grupo-Gamiz--768x576.jpeg 768w, https:\/\/lifehaya.pefc.es\/wp-content\/uploads\/2025\/10\/Felix-Flushoh-de-Grupo-Gamiz--1536x1152.jpeg 1536w, https:\/\/lifehaya.pefc.es\/wp-content\/uploads\/2025\/10\/Felix-Flushoh-de-Grupo-Gamiz-.jpeg 1600w\" sizes=\"(max-width: 1024px) 100vw, 1024px\" \/><\/a><figcaption class=\"wp-element-caption\">F\u00e9lix Fl\u00fclsh\u00f6h of the G\u00e1miz Group<\/figcaption><\/figure>\n<\/figure>\n\n<p><a data-elementor-open-lightbox=\"no\" href=\"https:\/\/lifehaya.pefc.es\/wp-content\/uploads\/2025\/02\/Javier-Calvo-de-Cesefor.jpeg\"><br\/><\/a>The aim of these meetings, organised within the framework of the LIFE HAYA project, is to create a space for exchange where forest managers and owners can learn more about the characteristics of wood in its initial phase and explore new opportunities for its transformation and valuation.<\/p>\n\n<figure class=\"wp-block-image aligncenter size-large\"><a href=\"https:\/\/lifehaya.pefc.es\/wp-content\/uploads\/2025\/10\/Socios-del-proyecto-LIFE-Haya-en-Barbiur-1024x632.jpeg\"><img loading=\"lazy\" decoding=\"async\" width=\"1024\" height=\"632\" src=\"https:\/\/lifehaya.pefc.es\/wp-content\/uploads\/2025\/10\/Socios-del-proyecto-LIFE-Haya-en-Barbiur-1024x632.jpeg\" alt=\"\" class=\"wp-image-3678\" srcset=\"https:\/\/lifehaya.pefc.es\/wp-content\/uploads\/2025\/10\/Socios-del-proyecto-LIFE-Haya-en-Barbiur-1024x632.jpeg 1024w, https:\/\/lifehaya.pefc.es\/wp-content\/uploads\/2025\/10\/Socios-del-proyecto-LIFE-Haya-en-Barbiur-300x185.jpeg 300w, https:\/\/lifehaya.pefc.es\/wp-content\/uploads\/2025\/10\/Socios-del-proyecto-LIFE-Haya-en-Barbiur-768x474.jpeg 768w, https:\/\/lifehaya.pefc.es\/wp-content\/uploads\/2025\/10\/Socios-del-proyecto-LIFE-Haya-en-Barbiur-1536x948.jpeg 1536w, https:\/\/lifehaya.pefc.es\/wp-content\/uploads\/2025\/10\/Socios-del-proyecto-LIFE-Haya-en-Barbiur.jpeg 1600w\" sizes=\"(max-width: 1024px) 100vw, 1024px\" \/><\/a><figcaption class=\"wp-element-caption\"><em><sub>Group photo of those attending the 5th Committee of Experts, during the visit to Barbiur.<\/sub><\/em><\/figcaption><\/figure>\n","protected":false},"excerpt":{"rendered":"<p>The LIFE HAYA project has successfully held its 5th Expert Committee, bringing together more than 60 representatives of administrations, companies and project partners. This meeting has served as a key forum to analyse the situation of beech in Navarra, a region that concentrates the largest volume of felling and has a long tradition and a [&hellip;]<\/p>\n","protected":false},"author":2,"featured_media":4259,"comment_status":"closed","ping_status":"open","sticky":false,"template":"","format":"standard","meta":{"footnotes":""},"categories":[45],"tags":[],"class_list":["post-4258","post","type-post","status-publish","format-standard","has-post-thumbnail","hentry","category-news"],"_links":{"self":[{"href":"https:\/\/lifehaya.pefc.es\/en\/wp-json\/wp\/v2\/posts\/4258","targetHints":{"allow":["GET"]}}],"collection":[{"href":"https:\/\/lifehaya.pefc.es\/en\/wp-json\/wp\/v2\/posts"}],"about":[{"href":"https:\/\/lifehaya.pefc.es\/en\/wp-json\/wp\/v2\/types\/post"}],"author":[{"embeddable":true,"href":"https:\/\/lifehaya.pefc.es\/en\/wp-json\/wp\/v2\/users\/2"}],"replies":[{"embeddable":true,"href":"https:\/\/lifehaya.pefc.es\/en\/wp-json\/wp\/v2\/comments?post=4258"}],"version-history":[{"count":2,"href":"https:\/\/lifehaya.pefc.es\/en\/wp-json\/wp\/v2\/posts\/4258\/revisions"}],"predecessor-version":[{"id":4911,"href":"https:\/\/lifehaya.pefc.es\/en\/wp-json\/wp\/v2\/posts\/4258\/revisions\/4911"}],"wp:featuredmedia":[{"embeddable":true,"href":"https:\/\/lifehaya.pefc.es\/en\/wp-json\/wp\/v2\/media\/4259"}],"wp:attachment":[{"href":"https:\/\/lifehaya.pefc.es\/en\/wp-json\/wp\/v2\/media?parent=4258"}],"wp:term":[{"taxonomy":"category","embeddable":true,"href":"https:\/\/lifehaya.pefc.es\/en\/wp-json\/wp\/v2\/categories?post=4258"},{"taxonomy":"post_tag","embeddable":true,"href":"https:\/\/lifehaya.pefc.es\/en\/wp-json\/wp\/v2\/tags?post=4258"}],"curies":[{"name":"wp","href":"https:\/\/api.w.org\/{rel}","templated":true}]}}